{"id":989,"date":"2020-04-26T06:46:56","date_gmt":"2020-04-26T06:46:56","guid":{"rendered":"http:\/\/www.jeanlouiscianni.com\/?p=989"},"modified":"2020-04-26T06:47:08","modified_gmt":"2020-04-26T06:47:08","slug":"chronique-dun-deconfinement-jour-41-dimanche-26-avril","status":"publish","type":"post","link":"https:\/\/www.jeanlouiscianni.com\/?p=989","title":{"rendered":"CHRONIQUE D&rsquo;UN DECONFINEMENT (Jour 41\/ dimanche 26 avril)"},"content":{"rendered":"<p><strong>Silence <\/strong><\/p>\n<p>On n\u2019y \u00e9chappe pas. Ni dehors dans ces rues d\u00e9sertes \u00e0 perte de vue. Ni dedans avec ces longues heures livr\u00e9es \u00e0 la seule pr\u00e9sence de soi. Certes, dans les \u00ab d\u00e9placements brefs \u00bb autoris\u00e9s, il y a bien ces chants d\u2019oiseaux qu\u2019on distingue nettement dans un arbre, ces pleurs d\u2019enfant qui passent une fa\u00e7ade. La radio ou le chien du voisin soudain plus sonores. Mais en d\u00e9finitive les bruits du monde, trop espac\u00e9s, sans lien, en deviennent amortis. C\u2019est le silence du confinement qui triomphe, recouvrant les jours d\u2019un nuage d\u2019ouate dense, palpable.<br \/>\n\tAvant la crise virale, le vacarme \u00e9tait tel dans nos villes et dans nos t\u00eates que nous cherchions le silence, nous en manquions comme le nomade du d\u00e9sert manque d\u2019eau. Il nous fallait nous recharger en silence \u00e0 l\u2019aide de pratiques spirituelles venues d\u2019ailleurs, de stages de m\u00e9ditation conduite, de retraite dans des abbayes isol\u00e9es. Il fallait qu\u2019on nous r\u00e9apprenne \u00e0 conna\u00eetre ses bienfaits et sa n\u00e9cessit\u00e9.<br \/>\n\tLe silence \u00e9tait la voie royale pour aller au c\u0153ur du monde, l\u00e0 o\u00f9 le moi se tait. L\u00e0 o\u00f9 il retrouve une unit\u00e9. L\u00e0 o\u00f9 il apprend des autres. Espace privil\u00e9gi\u00e9 de r\u00e9cup\u00e9ration de l\u2019\u00eatre, de soi, du savoir : le silence brillait de mille richesses que l\u2019activit\u00e9 ordinaire nous faisait oublier ou m\u00e9priser.<br \/>\n\tAujourd\u2019hui, le confinement a renvers\u00e9 les perspectives. Un monde silencieux est un monde mort. La vie est bruyante en r\u00e9alit\u00e9, elle parle haut et fort. Et la vie subjective s\u2019\u00e9prouve-t-elle avec plus d\u2019intensit\u00e9 dans le mutisme ? Quand je serai mort je ne parlerai plus et plus personne ne me parlera. La question affleure immanquablement dans notre situation exceptionnelle : existerait-il un silence vivant ?<br \/>\n\tPhilosophe de l\u2019imagination, Gaston Bachelard propose un exercice respiratoire singulier qui pourrait refaire le trait-d\u2019union rompu entre la vie et le silence. Il consiste \u00e0 murmurer le mot \u00e2me en expirant et le mot vie en inspirant. Puis \u00e0 ne plus \u00e9couter que notre souffle dans les mots chuchot\u00e9s \u00e0 voix de plus en plus basse. Dans le decrescendo c\u2019est un autre silence qui appara\u00eet, diff\u00e9rent de celui qui nous fait \u00e9couter les bruits du monde ou les r\u00e9sonances internes du moi. Cette m\u00e9ditation \u00e0 la fois physique et raisonn\u00e9e nous fait acc\u00e9der \u00e0 la v\u00e9rit\u00e9 du silence : le souffle est sa premi\u00e8re manifestation, son essence secr\u00e8te.<br \/>\n\tAu fil des respirations, \u00ab le r\u00e8gne du silence ferm\u00e9 est fini. Alors commence le silence qui respire. Alors commence le r\u00e8gne infini du silence ouvert. \u00bb  Devenir la voix quasi informul\u00e9e du souffle. Devenir a\u00e9rien : l\u2019invitation de Bachelard nous arrache aux pesanteurs du confinement. Il est bon d\u2019y r\u00e9pondre. Surtout un dimanche.  <\/p>\n<p><strong>Brice Parain<\/strong> : \u00ab Le langage est le seuil du silence que je puis franchir. Il est l\u2019\u00e9preuve de l\u2019infini. \u00bb<br \/>\n<strong>Zhuangzi<\/strong> : \u00ab Faire entrer le ciel en soi. \u00bb<br \/>\n<strong>Herv\u00e9 Bazin<\/strong> : \u00ab C\u2019est la parole qui est d\u2019or, le silence est de plomb. \u00bb<\/p>\n","protected":false},"excerpt":{"rendered":"<p>Silence On n\u2019y \u00e9chappe pas. Ni dehors dans ces rues d\u00e9sertes \u00e0 perte de vue. Ni dedans avec ces longues heures livr\u00e9es \u00e0 la seule pr\u00e9sence de soi. Certes, dans les \u00ab d\u00e9placements brefs \u00bb autoris\u00e9s, il y a bien ces chants d\u2019oiseaux qu\u2019on distingue nettement dans un arbre, ces pleurs d\u2019enfant qui passent une fa\u00e7ade. La radio ou le [&#8230;]<\/p>\n","protected":false},"author":1,"featured_media":0,"comment_status":"closed","ping_status":"closed","sticky":false,"template":"","format":"standard","meta":{"jetpack_post_was_ever_published":false,"jetpack_publicize_message":"","jetpack_is_tweetstorm":false,"jetpack_publicize_feature_enabled":true,"jetpack_social_post_already_shared":true,"jetpack_social_options":{"image_generator_settings":{"template":"highway","enabled":false}}},"categories":[8],"tags":[],"jetpack_publicize_connections":[],"jetpack_featured_media_url":"","jetpack_sharing_enabled":true,"jetpack_shortlink":"https:\/\/wp.me\/p5uUg2-fX","_links":{"self":[{"href":"https:\/\/www.jeanlouiscianni.com\/index.php?rest_route=\/wp\/v2\/posts\/989"}],"collection":[{"href":"https:\/\/www.jeanlouiscianni.com\/index.php?rest_route=\/wp\/v2\/posts"}],"about":[{"href":"https:\/\/www.jeanlouiscianni.com\/index.php?rest_route=\/wp\/v2\/types\/post"}],"author":[{"embeddable":true,"href":"https:\/\/www.jeanlouiscianni.com\/index.php?rest_route=\/wp\/v2\/users\/1"}],"replies":[{"embeddable":true,"href":"https:\/\/www.jeanlouiscianni.com\/index.php?rest_route=%2Fwp%2Fv2%2Fcomments&post=989"}],"version-history":[{"count":1,"href":"https:\/\/www.jeanlouiscianni.com\/index.php?rest_route=\/wp\/v2\/posts\/989\/revisions"}],"predecessor-version":[{"id":990,"href":"https:\/\/www.jeanlouiscianni.com\/index.php?rest_route=\/wp\/v2\/posts\/989\/revisions\/990"}],"wp:attachment":[{"href":"https:\/\/www.jeanlouiscianni.com\/index.php?rest_route=%2Fwp%2Fv2%2Fmedia&parent=989"}],"wp:term":[{"taxonomy":"category","embeddable":true,"href":"https:\/\/www.jeanlouiscianni.com\/index.php?rest_route=%2Fwp%2Fv2%2Fcategories&post=989"},{"taxonomy":"post_tag","embeddable":true,"href":"https:\/\/www.jeanlouiscianni.com\/index.php?rest_route=%2Fwp%2Fv2%2Ftags&post=989"}],"curies":[{"name":"wp","href":"https:\/\/api.w.org\/{rel}","templated":true}]}}