{"id":969,"date":"2020-04-21T07:09:17","date_gmt":"2020-04-21T07:09:17","guid":{"rendered":"http:\/\/www.jeanlouiscianni.com\/?p=969"},"modified":"2020-04-21T07:09:31","modified_gmt":"2020-04-21T07:09:31","slug":"chronique-dun-deconfinement-jour-36-mardi-21-avril","status":"publish","type":"post","link":"https:\/\/www.jeanlouiscianni.com\/?p=969","title":{"rendered":"CHRONIQUE D&rsquo;UN DECONFINEMENT (Jour 36\/ mardi 21 avril)"},"content":{"rendered":"<p><strong>La caverne du confinement\u00a0<\/strong><\/p>\n<p><strong>\u00a0<\/strong><\/p>\n<p>Chacun a pu s\u2019en rendre compte, le confinement stimule la r\u00e9flexion philosophique\u2026 .De beaux concepts et des pratiques vivaces sont n\u00e9s de lui. Le cosmopolitisme a surgi dans la jarre de Diog\u00e8ne. Descartes a mis au point sa c\u00e9l\u00e8bre m\u00e9thode et son cogito dans une pi\u00e8ce \u00e0 chauffer o\u00f9 l\u2019hiver le rel\u00e9guait. Spinoza a cultiv\u00e9 la joie dans l\u2019isolement de sa chambrette. Et Nietzsche a lanc\u00e9 ses alertes philosophiques du fond des garnis italiens qui abritaient sa solitude.<\/p>\n<p>Mais le champion de l\u2019usage du confinement reste sans conteste Platon, non par son v\u00e9cu mais par sa c\u00e9l\u00e8bre all\u00e9gorie de la caverne. Notre existence, raconte-t-il, ressemble \u00e0 celle de prisonniers au fond d\u2019une grotte qui, la t\u00eate bloqu\u00e9e, ne peuvent regarder que des ombres port\u00e9es sur la paroi. N\u2019ayant aucune autre exp\u00e9rience, ils prennent pour des r\u00e9alit\u00e9s ces ombres, en fait des projections d\u2019objets qui passent dans leur dos. Dans son confinement souterrain, l\u2019\u00e2me est victime d\u2019illusions.<\/p>\n<p>Pour Platon la pens\u00e9e est la facult\u00e9 qui va permettre \u00e0 l\u2019\u00e2me de se lib\u00e9rer de ses fers et de se tourner vers la lumi\u00e8re et la connaissance. D\u2019abord vers les objets eux-m\u00eames, puis vers le feu qui les \u00e9claire. Ultime \u00e9tape\u00a0du d\u00e9confinement platonicien\u00a0: la sortie de la caverne. Une fois \u00e0 l\u2019ext\u00e9rieur l\u2019\u00e2me contemple la vraie lumi\u00e8re. Cette conversion doit se faire par \u00e9tape, car le soleil \u00e9blouit et peut aveugler l\u2019\u00e2me rest\u00e9e longtemps dans la p\u00e9nombre<\/p>\n<p>La belle m\u00e9taphore platonicienne raconte encore autre chose. Une fois la v\u00e9rit\u00e9 aper\u00e7ue et le cheminement qui y conduit identifi\u00e9, l\u2019\u00e2me doit retourner dans sa grotte. C\u2019est son destin terrestre. Elle n\u2019\u00e9chappe pas \u00e0 une condition humaine o\u00f9 elle se confronte \u00e0 l\u2019illusion et l\u2019erreur. Le philosophe y trouve sa mission. Et plus largement tous les \u00eatres dou\u00e9s de r\u00e9flexion que nous sommes. Nous ne sommes que des int\u00e9rimaires de la v\u00e9rit\u00e9.<\/p>\n<p>Le virus nous a plong\u00e9s dans une obscurit\u00e9 \u00e9paisse o\u00f9 nos certitudes se sont fondues. Sur le fond de notre ignorance, des discours contradictoires, irresponsables ou tout simplement mensongers projettent leurs simulacres. Comme les \u00e2mes de Platon, nos esprits sont esclaves des repr\u00e9sentations qu\u2019on leur livre. Notre caverne est encore plus trompeuse, c\u2019est une cr\u00e8che fabuleuse, elle miroite d\u2019une surbrillance m\u00e9diatique.<\/p>\n<p>A travers son mythe, Platon nous enseigne que c\u2019est du confinement caverneux dans notre condition que na\u00eet et se transmet une volont\u00e9 d\u2019air libre et de lumi\u00e8re. Nous avons donc des permissions de sorties. Et sans lui, nous n\u2019aurions m\u00eame pas conscience de notre ignorance et des dissimulations dont nous sommes victimes.<\/p>\n<p>Pourtant c\u2019est dans la caverne que le combat contre l\u2019illusion et l\u2019ignorance, contre soi-m\u00eame aussi, toujours continue. La vieille all\u00e9gorie platonicienne, le marronnier de la philosophie, reste d\u00e9cidemment au programme y compris apr\u00e8s le 11 mai\u2026<\/p>\n<p>&nbsp;<\/p>\n<p><strong>Lao-Tseu<\/strong>\u00a0: \u00ab\u00a0<em>Il ne s&rsquo;agit pas de se retrancher du monde, de s&rsquo;enfermer dans une tour d&rsquo;ivoire, il faut tout savoir, \u00eatre inform\u00e9 de tout et pourtant rester critique comme si on ne savait rien.<\/em><em>\u00a0\u00bb<\/em><\/p>\n<p><strong>Confucius\u00a0<\/strong><strong>:<\/strong> \u00ab\u00a0<em>Je ne peux rien pour qui ne se pose pas de questions.\u00a0<\/em><em>\u00bb<\/em><\/p>\n<p><strong>Proverbe chinois\u00a0<\/strong>: \u00ab\u00a0<em>Le savoir que l\u2019on ne compl\u00e8te pas tous les jours diminue tous les jours.\u00a0\u00bb<\/em><\/p>\n","protected":false},"excerpt":{"rendered":"<p>La caverne du confinement\u00a0 \u00a0 Chacun a pu s\u2019en rendre compte, le confinement stimule la r\u00e9flexion philosophique\u2026 .De beaux concepts et des pratiques vivaces sont n\u00e9s de lui. Le cosmopolitisme a surgi dans la jarre de Diog\u00e8ne. Descartes a mis au point sa c\u00e9l\u00e8bre m\u00e9thode et son cogito dans une pi\u00e8ce \u00e0 chauffer o\u00f9 l\u2019hiver le rel\u00e9guait. Spinoza a cultiv\u00e9 [&#8230;]<\/p>\n","protected":false},"author":1,"featured_media":0,"comment_status":"closed","ping_status":"closed","sticky":false,"template":"","format":"standard","meta":{"jetpack_post_was_ever_published":false,"jetpack_publicize_message":"","jetpack_is_tweetstorm":false,"jetpack_publicize_feature_enabled":true,"jetpack_social_post_already_shared":true,"jetpack_social_options":{"image_generator_settings":{"template":"highway","enabled":false}}},"categories":[8],"tags":[],"jetpack_publicize_connections":[],"jetpack_featured_media_url":"","jetpack_sharing_enabled":true,"jetpack_shortlink":"https:\/\/wp.me\/p5uUg2-fD","_links":{"self":[{"href":"https:\/\/www.jeanlouiscianni.com\/index.php?rest_route=\/wp\/v2\/posts\/969"}],"collection":[{"href":"https:\/\/www.jeanlouiscianni.com\/index.php?rest_route=\/wp\/v2\/posts"}],"about":[{"href":"https:\/\/www.jeanlouiscianni.com\/index.php?rest_route=\/wp\/v2\/types\/post"}],"author":[{"embeddable":true,"href":"https:\/\/www.jeanlouiscianni.com\/index.php?rest_route=\/wp\/v2\/users\/1"}],"replies":[{"embeddable":true,"href":"https:\/\/www.jeanlouiscianni.com\/index.php?rest_route=%2Fwp%2Fv2%2Fcomments&post=969"}],"version-history":[{"count":1,"href":"https:\/\/www.jeanlouiscianni.com\/index.php?rest_route=\/wp\/v2\/posts\/969\/revisions"}],"predecessor-version":[{"id":970,"href":"https:\/\/www.jeanlouiscianni.com\/index.php?rest_route=\/wp\/v2\/posts\/969\/revisions\/970"}],"wp:attachment":[{"href":"https:\/\/www.jeanlouiscianni.com\/index.php?rest_route=%2Fwp%2Fv2%2Fmedia&parent=969"}],"wp:term":[{"taxonomy":"category","embeddable":true,"href":"https:\/\/www.jeanlouiscianni.com\/index.php?rest_route=%2Fwp%2Fv2%2Fcategories&post=969"},{"taxonomy":"post_tag","embeddable":true,"href":"https:\/\/www.jeanlouiscianni.com\/index.php?rest_route=%2Fwp%2Fv2%2Ftags&post=969"}],"curies":[{"name":"wp","href":"https:\/\/api.w.org\/{rel}","templated":true}]}}