{"id":934,"date":"2020-04-12T08:03:09","date_gmt":"2020-04-12T08:03:09","guid":{"rendered":"http:\/\/www.jeanlouiscianni.com\/?p=934"},"modified":"2020-04-13T08:43:12","modified_gmt":"2020-04-13T08:43:12","slug":"chronique-dun-deconfinement-jour-27-dimanche-12-avril","status":"publish","type":"post","link":"https:\/\/www.jeanlouiscianni.com\/?p=934","title":{"rendered":"CHRONIQUE D&rsquo;UN DECONFINEMENT (Jour 27\/ dimanche 12 avril)"},"content":{"rendered":"<p><strong>Libert\u00e9 du confinement\u00a0<\/strong><\/p>\n<p>&nbsp;<\/p>\n<p>C\u2019est dimanche. Il fait beau. La journ\u00e9e a une vigueur d\u2019enfance, elle sent le neuf et la libert\u00e9. La lumi\u00e8re entre dans la maison et lance une invitation solaire, imp\u00e9rative, urgente\u00a0: \u00ab\u00a0<em>sors\u00a0!<\/em>\u00a0\u00bb Mais voil\u00e0, je ne suis pas libre de sortir, si ce n\u2019est une heure, une heure seulement\u2026Je suis confin\u00e9.<\/p>\n<p>Libre\u00a0? Que signifie ce mot aujourd\u2019hui\u00a0? Voil\u00e0 \u00a0presque un mois, quand nous disions libert\u00e9, nous savions encore ce que cela voulait dire. L\u2019esprit sans rel\u00e2che malax\u00e9 par les avanc\u00e9es de la technoscience, nous pensions avoir conjur\u00e9 les puissances archa\u00efques de la fatalit\u00e9 et du Destin. Et, dans un syst\u00e8me d\u00e9mocratique qui fait de la libert\u00e9 une valeur dominante, chacun se croyait libre de faire ce qu\u2019il voulait.<\/p>\n<p>Un virus d\u2019une puissance in\u00e9dite est venu nous rappeler la r\u00e9alit\u00e9, non pas du destin, mais du d\u00e9terminisme biologique qui p\u00e8se sur notre condition (l\u2019\u00e9tat du corps, sa fragilit\u00e9, sa sant\u00e9, sa finitude mortelle). Pour y faire face, la s\u00e9curit\u00e9 collective a pris le dessus sur la libert\u00e9 personnelle d\u2019aller et venir, de travailler, de rencontrer. Sur ces deux versants, le Covid-19 a triomph\u00e9 de nos repr\u00e9sentations na\u00efves de la libert\u00e9 et bris\u00e9 nos certitudes individualistes.<\/p>\n<p>\u00catre libre, c\u2019est \u00ab\u00a0<em>faire ce qui me pla\u00eet<\/em>\u00a0\u00bb, estimions-nous. Mais souvent, pour \u00eatre libre, il faut faire ce qui ne pla\u00eet pas. C\u2019est ce qui arrive, par exemple, quand on se lib\u00e8re du tabac. \u00catre libre, \u00ab\u00a0<em>c\u2019est faire ce que je veux<\/em>\u00a0\u00bb, affirmions-nous. Mais qu\u2019est-ce qu\u2019une volont\u00e9 pourrait bien vouloir si elle n\u2019\u00e9tait pas libre\u00a0? Et notre complexit\u00e9 est telle que la suppression d\u2019une contrainte engendre une contrainte\u2026S\u2019il \u00e9tait interdit de se confiner, notre libert\u00e9 serait limit\u00e9e.<\/p>\n<p>Nous avions oubli\u00e9 que la libert\u00e9 n\u2019est ni pensable ni r\u00e9alisable sans son lest de contraintes. La libert\u00e9 est un poids, celui du d\u00e9fi. Telle est la v\u00e9rit\u00e9 du confinement. Pourtant l\u2019appel de la porte ouverte, le chant de la lumi\u00e8re matinale, m\u2019apportent encore un autre message. Et ce n\u2019est pas celui de la libert\u00e9 int\u00e9rieure, dont les sto\u00efciens faisaient un rem\u00e8de dans l\u2019adversit\u00e9.<\/p>\n<p>Si je veux sortir, c\u2019est parce que je suis d\u00e9j\u00e0 libre, c\u2019est parce que j\u2019ai go\u00fbt\u00e9 \u00e0 la libert\u00e9. Pas celle d\u2019un quant \u00e0 soi dont je d\u00e9couvre aujourd\u2019hui toutes les limites. Celle qui me pousse vers les autres et que je vis avec eux. Celle qui combat l\u2019ignorance, celle qui reste inauthentique et incompl\u00e8te si elle ne s\u2019accompagne pas d\u2019un id\u00e9al de justice.<\/p>\n<p>La libert\u00e9 me pr\u00e9c\u00e8de. Je la suis donc et passe la porte. C\u2019est dimanche, je sors marcher une heure au soleil.<\/p>\n<p><strong>Nietzsche<\/strong>\u00a0: \u00ab\u00a0<em>Libre de quoi\u00a0? Demande-toi plut\u00f4t libre pourquoi\u00a0?<\/em>\u00a0\u00bb<\/p>\n<p><strong>Sartre<\/strong>\u00a0: \u00ab\u00a0<em>L\u2019homme est condamn\u00e9 \u00e0 \u00eatre libre.<\/em>\u00a0\u00bb<\/p>\n<p><strong>Rousseau<\/strong>\u00a0: \u00ab\u00a0<em>L\u2019homme est n\u00e9 libre et partout il est dans les fers.\u00a0<\/em>\u00bb<\/p>\n<p><strong>Madame Roland<\/strong>\u00a0: \u00ab\u00a0<em>\u00d4 libert\u00e9 que de crimes on commet en ton nom.\u00a0<\/em>\u00bb<\/p>\n<p>On peut aussi \u00e9couter l&rsquo;ami Jean-Paul avec la romance n\u00b06 de Mendelssohn :<\/p>\n<p><a href=\"http:\/\/www.jeanlouiscianni.com\/wp-content\/uploads\/Mendelssohn.mov\">Mendelssohn<\/a><\/p>\n","protected":false},"excerpt":{"rendered":"<p>Libert\u00e9 du confinement\u00a0 &nbsp; C\u2019est dimanche. Il fait beau. La journ\u00e9e a une vigueur d\u2019enfance, elle sent le neuf et la libert\u00e9. La lumi\u00e8re entre dans la maison et lance une invitation solaire, imp\u00e9rative, urgente\u00a0: \u00ab\u00a0sors\u00a0!\u00a0\u00bb Mais voil\u00e0, je ne suis pas libre de sortir, si ce n\u2019est une heure, une heure seulement\u2026Je suis confin\u00e9. Libre\u00a0? Que signifie ce mot [&#8230;]<\/p>\n","protected":false},"author":1,"featured_media":0,"comment_status":"closed","ping_status":"closed","sticky":false,"template":"","format":"standard","meta":{"jetpack_post_was_ever_published":false,"jetpack_publicize_message":"","jetpack_is_tweetstorm":false,"jetpack_publicize_feature_enabled":true,"jetpack_social_post_already_shared":true,"jetpack_social_options":{"image_generator_settings":{"template":"highway","enabled":false}}},"categories":[8],"tags":[],"jetpack_publicize_connections":[],"jetpack_featured_media_url":"","jetpack_sharing_enabled":true,"jetpack_shortlink":"https:\/\/wp.me\/p5uUg2-f4","_links":{"self":[{"href":"https:\/\/www.jeanlouiscianni.com\/index.php?rest_route=\/wp\/v2\/posts\/934"}],"collection":[{"href":"https:\/\/www.jeanlouiscianni.com\/index.php?rest_route=\/wp\/v2\/posts"}],"about":[{"href":"https:\/\/www.jeanlouiscianni.com\/index.php?rest_route=\/wp\/v2\/types\/post"}],"author":[{"embeddable":true,"href":"https:\/\/www.jeanlouiscianni.com\/index.php?rest_route=\/wp\/v2\/users\/1"}],"replies":[{"embeddable":true,"href":"https:\/\/www.jeanlouiscianni.com\/index.php?rest_route=%2Fwp%2Fv2%2Fcomments&post=934"}],"version-history":[{"count":4,"href":"https:\/\/www.jeanlouiscianni.com\/index.php?rest_route=\/wp\/v2\/posts\/934\/revisions"}],"predecessor-version":[{"id":943,"href":"https:\/\/www.jeanlouiscianni.com\/index.php?rest_route=\/wp\/v2\/posts\/934\/revisions\/943"}],"wp:attachment":[{"href":"https:\/\/www.jeanlouiscianni.com\/index.php?rest_route=%2Fwp%2Fv2%2Fmedia&parent=934"}],"wp:term":[{"taxonomy":"category","embeddable":true,"href":"https:\/\/www.jeanlouiscianni.com\/index.php?rest_route=%2Fwp%2Fv2%2Fcategories&post=934"},{"taxonomy":"post_tag","embeddable":true,"href":"https:\/\/www.jeanlouiscianni.com\/index.php?rest_route=%2Fwp%2Fv2%2Ftags&post=934"}],"curies":[{"name":"wp","href":"https:\/\/api.w.org\/{rel}","templated":true}]}}