{"id":924,"date":"2020-03-16T16:42:35","date_gmt":"2020-03-16T16:42:35","guid":{"rendered":"http:\/\/www.jeanlouiscianni.com\/?p=924"},"modified":"2020-12-11T08:14:40","modified_gmt":"2020-12-11T08:14:40","slug":"chronique-dun-deconfinement","status":"publish","type":"post","link":"https:\/\/www.jeanlouiscianni.com\/?p=924","title":{"rendered":"UN PEU DE PHILO POUR PLUS DE SOLIDARITE"},"content":{"rendered":"<div dir=\"ltr\">La chronique du confinement que vous avez \u00e9t\u00e9 nombreux \u00e0 suivre au printemps 2020 est disponible en version papier. Les recettes de la vente de cette publication seront revers\u00e9es \u00e0 la Fondation de l&rsquo;Abb\u00e9 Pierre qui, pour la premi\u00e8re fois depuis sa cr\u00e9ation, a fait un appel aux dons.\u00a0Pour commander l&rsquo;ouvrage et le faire commander par vos amis il suffit de remplir le formulaire joint en pdf et de l&rsquo;envoyer \u00e0 Sedicom 14, rue de Flaugergues 34000 Montpellier<\/div>\n<div dir=\"ltr\"><a href=\"http:\/\/www.jeanlouiscianni.com\/wp-content\/uploads\/Formulaire-de-commande-livre.pdf\">Formulaire de commande livre<\/a><\/div>\n\n\n<p><\/p>\n","protected":false},"excerpt":{"rendered":"<p>La chronique du confinement que vous avez \u00e9t\u00e9 nombreux \u00e0 suivre au printemps 2020 est disponible en version papier. Les recettes de la vente de cette publication seront revers\u00e9es \u00e0 la Fondation de l&rsquo;Abb\u00e9 Pierre qui, pour la premi\u00e8re fois depuis sa cr\u00e9ation, a fait un appel aux dons.\u00a0Pour commander l&rsquo;ouvrage et le faire commander par vos amis il suffit [&#8230;]<\/p>\n","protected":false},"author":1,"featured_media":925,"comment_status":"closed","ping_status":"closed","sticky":false,"template":"","format":"standard","meta":{"jetpack_post_was_ever_published":false,"jetpack_publicize_message":"","jetpack_is_tweetstorm":false,"jetpack_publicize_feature_enabled":true,"jetpack_social_post_already_shared":true,"jetpack_social_options":{"image_generator_settings":{"template":"highway","enabled":false}}},"categories":[8],"tags":[5],"jetpack_publicize_connections":[],"jetpack_featured_media_url":"https:\/\/www.jeanlouiscianni.com\/wp-content\/uploads\/Aquarelle-Coline-2.jpg","jetpack_sharing_enabled":true,"jetpack_shortlink":"https:\/\/wp.me\/p5uUg2-eU","_links":{"self":[{"href":"https:\/\/www.jeanlouiscianni.com\/index.php?rest_route=\/wp\/v2\/posts\/924"}],"collection":[{"href":"https:\/\/www.jeanlouiscianni.com\/index.php?rest_route=\/wp\/v2\/posts"}],"about":[{"href":"https:\/\/www.jeanlouiscianni.com\/index.php?rest_route=\/wp\/v2\/types\/post"}],"author":[{"embeddable":true,"href":"https:\/\/www.jeanlouiscianni.com\/index.php?rest_route=\/wp\/v2\/users\/1"}],"replies":[{"embeddable":true,"href":"https:\/\/www.jeanlouiscianni.com\/index.php?rest_route=%2Fwp%2Fv2%2Fcomments&post=924"}],"version-history":[{"count":6,"href":"https:\/\/www.jeanlouiscianni.com\/index.php?rest_route=\/wp\/v2\/posts\/924\/revisions"}],"predecessor-version":[{"id":1090,"href":"https:\/\/www.jeanlouiscianni.com\/index.php?rest_route=\/wp\/v2\/posts\/924\/revisions\/1090"}],"wp:featuredmedia":[{"embeddable":true,"href":"https:\/\/www.jeanlouiscianni.com\/index.php?rest_route=\/wp\/v2\/media\/925"}],"wp:attachment":[{"href":"https:\/\/www.jeanlouiscianni.com\/index.php?rest_route=%2Fwp%2Fv2%2Fmedia&parent=924"}],"wp:term":[{"taxonomy":"category","embeddable":true,"href":"https:\/\/www.jeanlouiscianni.com\/index.php?rest_route=%2Fwp%2Fv2%2Fcategories&post=924"},{"taxonomy":"post_tag","embeddable":true,"href":"https:\/\/www.jeanlouiscianni.com\/index.php?rest_route=%2Fwp%2Fv2%2Ftags&post=924"}],"curies":[{"name":"wp","href":"https:\/\/api.w.org\/{rel}","templated":true}]}}