{"id":891,"date":"2020-04-11T07:36:11","date_gmt":"2020-04-11T07:36:11","guid":{"rendered":"http:\/\/www.jeanlouiscianni.com\/?p=891"},"modified":"2020-04-11T22:10:36","modified_gmt":"2020-04-11T22:10:36","slug":"chronique-dun-deconfinement-jour26samedi-11avril","status":"publish","type":"post","link":"https:\/\/www.jeanlouiscianni.com\/?p=891","title":{"rendered":"CHRONIQUE D&rsquo;UN DECONFINEMENT (Jour26\/ samedi 11avril)"},"content":{"rendered":"<p><strong>\u00a0<\/strong><\/p>\n<p><strong>M\u00e9ditation par les voyelles\u00a0<\/strong><\/p>\n<p>&nbsp;<\/p>\n<p><em>\u00ab\u00a0A noir, E blanc, I rouge, U vert, O bleu\u2026 voyelles je dirai vos naissances latentes\u2026\u00a0\u00bb <\/em>Dans un de ses po\u00e8mes les plus c\u00e9l\u00e8bres, Arthur Rimbaud a donn\u00e9 des couleurs aux voyelles. Il les a gliss\u00e9es dans un r\u00e9seau de correspondances o\u00f9 elles r\u00e9sonnent avec tous les sens et avec des pens\u00e9es \u00e0 forte charge vibratoire\u00a0: la mort, la violence, le divin, la s\u00e9r\u00e9nit\u00e9.<\/p>\n<p>Marc De Smedt, partisan d\u2019une spiritualit\u00e9 la\u00efque et r\u00e9f\u00e9rence dans le domaine de la m\u00e9ditation (<em>Les racines de la m\u00e9ditation<\/em>, Albin Michel), propose un exercice original et tout simple avec les voyelles, \u00e0 pratiquer en p\u00e9riode de confinement. On les chante trois fois l\u2019une apr\u00e8s l\u2019autre jusqu\u2019\u00e0 la fin du souffle et en laissant un silence entre chaque phase. Essayez, \u00e7a fait du bien.<\/p>\n<p>La po\u00e9sie <em>d\u00e9confine<\/em> les sens. La m\u00e9ditation <em>d\u00e9confine<\/em> l\u2019ego. D\u00e9r\u00e8glement des sens pour la premi\u00e8re, s\u00e9r\u00e9nit\u00e9 pour la seconde. Et la philosophie\u00a0? Tentons une variante\u00a0: A comme amour, E comme \u00eatre, I comme intelligence, U comme universel, O comme Oui.<\/p>\n<p>A, l&rsquo;amour, l\u2019amour sous toutes ses formes, de l\u2019amour de soi jusqu\u2019\u00e0 celui de l\u2019humanit\u00e9 en passant par les formes les plus ardentes et les plus intenses, amour de sa compagne, de ses enfants, de ses amis. Les philosophes sont-ils autre chose que de grands amoureux\u00a0? Dans philosophie se glisse un verbe grec (<em>philein<\/em>) qui veut dire aimer, d\u00e9sirer, rechercher. Et c\u2019est sans doute la part la plus importante du mot, son c\u0153ur battant. Le confinement ne nous ram\u00e8ne-t-il tout droit \u00e0 ce sentiment essentiel qui nous fait humains\u00a0y compris pour en souffrir<\/p>\n<p>E, l&rsquo;\u00eatre. La philosophie privil\u00e9gie le verbe \u00eatre. Elle le place au-dessus des verbes appara\u00eetre et surtout avoir. En mettant un article devant le verbe, les philosophes -avant que les religions r\u00e9v\u00e9l\u00e9es lui donnent le nom de Dieu- ont cherch\u00e9 \u00e0 donner un sens \u00e0 l\u2019Etre, \u00e0 le saisir et \u00e0 le d\u00e9finir. Le confinement avec son grand suspens de l\u2019action et des relations ouvre la pens\u00e9e de chacun \u00e0 son \u00eatre. Les questions se l\u00e8vent\u00a0: qui suis-je\u00a0? Quel est cet \u00eatre auquel je participe\u00a0? Nous ne le trouvons pas mais tout se trouve en lui\u2026<\/p>\n<p>I comme intelligence. Philosopher, c\u2019est se questionner sur les ph\u00e9nom\u00e8nes, sur soi, sur la soci\u00e9t\u00e9 o\u00f9 nous vivons. C\u2019est se poser des questions pour comprendre, modifier nos actions et transformer nos conduites individuelles et collectives dans le monde. Nous en avons l\u2019occasion aujourd\u2019hui avec ce virus myst\u00e9rieux qui s\u00e8me la destruction dans nos habitudes et nos certitudes.<\/p>\n<p>U comme universel. Le virus nous rappelle \u00e0 notre interd\u00e9pendance, \u00e0 la r\u00e9alit\u00e9 aveuglante de notre-\u00eatre reli\u00e9. Mais aussi \u00e0 notre aspiration \u00e0 la solidarit\u00e9 aussi inexplicable et aussi puissante que l\u2019agressivit\u00e9 qui nous habite et capable de l\u2019\u00e9craser. Et si l\u2019on veut ajouter un post-scriptum \u00e0 ce paragraphe, u comme utopie. Parce que l\u2019homme toujours d\u00e9passe l\u2019homme. Dans l\u2019espace comme dans le temps. Sous la lumi\u00e8re crue du virus, nous imaginons un autre monde, un monde meilleur, car nous ne savons pas nous contenter de ce que nous sommes.<\/p>\n<p>O nous donne Oui, le oui \u00e0 la vie. La philosophie tente de nous garder d\u2019une b\u00e9atitude de ravi. Elle est n\u2019est pas dupe sur la condition humaine, elle ne se leurre pas sur la port\u00e9e de son discours. Mais l\u2019embouchure du courant philosophique, c\u2019est toujours la vie, la protection et l\u2019\u00e9panouissement de la vie. Sous la menace du virus, dans la situation l\u00e9thargique du confinement, c\u2019est cette envie de vivre qui nous porte tous. D\u2019exister encore, de se remettre en mouvement, de retrouver les autres dans la grande f\u00eate du vivant \u00e0 laquelle nous avons la chance et la conscience de participer.<\/p>\n<p>Naissances latentes\u2026sous ses voyelles la philosophie \u00e9veille l\u2019envie de rena\u00eetre \u00e0 nos existences implicites, secr\u00e8tes ou refoul\u00e9es. L\u2019envie de na\u00eetre \u00e0 nouveau, de na\u00eetre autrement.<\/p>\n<p>&nbsp;<\/p>\n<p><strong>Gille Deleuze<\/strong>\u00a0: \u00ab\u00a0<em>Devenir le fils de ses propres \u00e9v\u00e9nements, et par l\u00e0 rena\u00eetre, se refaire une naissance, rompre avec sa naissance de chair<\/em>.\u00a0\u00bb<\/p>\n<p><strong>Descartes<\/strong>\u00a0: \u00ab\u00a0<em>C<\/em><em>&lsquo;est proprement avoir les yeux ferm\u00e9s, sans t\u00e2cher jamais de les ouvrir, que de vivre sans philosopher.\u00a0\u00bb<\/em><\/p>\n<p><strong>Bachelard\u00a0<\/strong>:\u00a0\u00ab<em>\u00a0L&rsquo;<\/em><span style=\"color: #000000;\"><a style=\"color: #000000;\" href=\"https:\/\/dicocitations.lemonde.fr\/citation.php?mot=imagination\"><em>imagination<\/em><\/a><\/span><em> n&rsquo;est pas, comme le sugg\u00e8re l&rsquo;\u00e9tymologie, la facult\u00e9 de former des images de la r\u00e9alit\u00e9 ; elle est la facult\u00e9 de former des images qui d\u00e9passent la r\u00e9alit\u00e9, qui chantent la r\u00e9alit\u00e9. Elle est une facult\u00e9 de <\/em><span style=\"color: #000000;\"><a style=\"color: #000000;\" href=\"https:\/\/dicocitations.lemonde.fr\/citation.php?mot=surhumanite\"><em>surhumanit\u00e9<\/em><\/a><\/span>.\u00a0\u00bb<\/p>\n<p><strong>Rilke\u00a0<\/strong>: \u00ab\u00a0<em>Tout ce qui arrive est toujours un commencement.<\/em>\u00a0\u00bb<\/p>\n<p>Et aussi un peu de piano avec mon ami Jean-Paul\u00a0 : <a href=\"http:\/\/www.jeanlouiscianni.com\/wp-content\/uploads\/Tielsen.mov\">Tiersen<\/a><\/p>\n","protected":false},"excerpt":{"rendered":"<p>\u00a0 M\u00e9ditation par les voyelles\u00a0 &nbsp; \u00ab\u00a0A noir, E blanc, I rouge, U vert, O bleu\u2026 voyelles je dirai vos naissances latentes\u2026\u00a0\u00bb Dans un de ses po\u00e8mes les plus c\u00e9l\u00e8bres, Arthur Rimbaud a donn\u00e9 des couleurs aux voyelles. Il les a gliss\u00e9es dans un r\u00e9seau de correspondances o\u00f9 elles r\u00e9sonnent avec tous les sens et avec des pens\u00e9es \u00e0 forte [&#8230;]<\/p>\n","protected":false},"author":1,"featured_media":0,"comment_status":"closed","ping_status":"closed","sticky":false,"template":"","format":"standard","meta":{"jetpack_post_was_ever_published":false,"jetpack_publicize_message":"","jetpack_is_tweetstorm":false,"jetpack_publicize_feature_enabled":true,"jetpack_social_post_already_shared":true,"jetpack_social_options":{"image_generator_settings":{"template":"highway","enabled":false}}},"categories":[8],"tags":[],"jetpack_publicize_connections":[],"jetpack_featured_media_url":"","jetpack_sharing_enabled":true,"jetpack_shortlink":"https:\/\/wp.me\/p5uUg2-en","_links":{"self":[{"href":"https:\/\/www.jeanlouiscianni.com\/index.php?rest_route=\/wp\/v2\/posts\/891"}],"collection":[{"href":"https:\/\/www.jeanlouiscianni.com\/index.php?rest_route=\/wp\/v2\/posts"}],"about":[{"href":"https:\/\/www.jeanlouiscianni.com\/index.php?rest_route=\/wp\/v2\/types\/post"}],"author":[{"embeddable":true,"href":"https:\/\/www.jeanlouiscianni.com\/index.php?rest_route=\/wp\/v2\/users\/1"}],"replies":[{"embeddable":true,"href":"https:\/\/www.jeanlouiscianni.com\/index.php?rest_route=%2Fwp%2Fv2%2Fcomments&post=891"}],"version-history":[{"count":9,"href":"https:\/\/www.jeanlouiscianni.com\/index.php?rest_route=\/wp\/v2\/posts\/891\/revisions"}],"predecessor-version":[{"id":933,"href":"https:\/\/www.jeanlouiscianni.com\/index.php?rest_route=\/wp\/v2\/posts\/891\/revisions\/933"}],"wp:attachment":[{"href":"https:\/\/www.jeanlouiscianni.com\/index.php?rest_route=%2Fwp%2Fv2%2Fmedia&parent=891"}],"wp:term":[{"taxonomy":"category","embeddable":true,"href":"https:\/\/www.jeanlouiscianni.com\/index.php?rest_route=%2Fwp%2Fv2%2Fcategories&post=891"},{"taxonomy":"post_tag","embeddable":true,"href":"https:\/\/www.jeanlouiscianni.com\/index.php?rest_route=%2Fwp%2Fv2%2Ftags&post=891"}],"curies":[{"name":"wp","href":"https:\/\/api.w.org\/{rel}","templated":true}]}}