{"id":851,"date":"2020-04-04T06:53:02","date_gmt":"2020-04-04T06:53:02","guid":{"rendered":"http:\/\/www.jeanlouiscianni.com\/?p=851"},"modified":"2020-04-11T16:34:39","modified_gmt":"2020-04-11T16:34:39","slug":"chronique-dun-deconfinement-jour-19-samedi-4-avril","status":"publish","type":"post","link":"https:\/\/www.jeanlouiscianni.com\/?p=851","title":{"rendered":"CHRONIQUE D&rsquo;UN DECONFINEMENT (Jour 19\/ samedi 4 avril)"},"content":{"rendered":"<p><strong>Triste topique\u2026<\/strong><\/p>\n<p><strong>\u00a0<\/strong><\/p>\n<p>\u00ab\u00a0<em>Osabandus, nequeys, nequer, protorinum, quipsa milus<\/em>.\u00a0\u00bb Face au virus qui nous d\u00e9vaste et nous confine le langage des m\u00e9decins est devenu aussi incompr\u00e9hensible que celui de Sganarelle, quand il les imite, devant G\u00e9ronte, dans le <em>M\u00e9decin Malgr\u00e9 lui<\/em>. On savait que la m\u00e9decine n\u2019\u00e9tait pas une science exacte, on d\u00e9couvre que c\u2019est un ring de boxe o\u00f9 des combats path\u00e9tiques ajoutent au d\u00e9sarroi g\u00e9n\u00e9ral. Les m\u00e9decins ont pris le relais des politiciens et des \u00e9conomistes pour animer un de ces d\u00e9bats aussi passionn\u00e9 qu\u2019ind\u00e9cidable qui rythment notre culture nationale.<\/p>\n<p>En cette \u00e9poque trouble o\u00f9 la subjectivit\u00e9 titube dans les t\u00e9n\u00e8bres, plus que du c\u00f4t\u00e9 des m\u00e9decins faudrait-il chercher la lumi\u00e8re dans nos maladies\u00a0? Chaque \u00e9poque se d\u00e9finit \u00e0 travers une pathologie. Depuis les ann\u00e9es 80 du si\u00e8cle dernier, pour ne prendre que quelques exemples, nous avons ainsi puis\u00e9 dans le lexique de la psychiatrie et de la psychologie pour tenter d\u2019identifier la dominante de notre folie collective. Schizophr\u00e9nie, autisme, perversion narcissique, nous ont ainsi successivement servi de grille de lecture<\/p>\n<p>Et avec le Covid-19, quelle maladie pourrait bien jouer le r\u00f4le de marqueur identitaire collectif\u00a0? L\u2019\u00e9pilepsie, peut-\u00eatre\u00a0? Epilepsie\u00a0: du grec, attaquer par surprise\u2026La crise convulsive r\u00e9sulte d\u2019une hyperactivit\u00e9 c\u00e9r\u00e9brale. Les cellules nerveuses s\u2019emballent. Elle est pr\u00e9c\u00e9d\u00e9e d\u2019un \u00e9tonnant ph\u00e9nom\u00e8ne de lucidit\u00e9 extr\u00eame appel\u00e9 aura. Dans <em>L\u2019Idiot, <\/em>Dosto\u00efevski, qui lui-m\u00eame souffrait de ce mal, d\u00e9crit ce moment o\u00f9 l\u2019on \u00e9prouve\u00a0: \u00ab\u00a0<em>une souveraine s\u00e9r\u00e9nit\u00e9, faite de joie lumineuse, d\u2019harmonie et d\u2019esp\u00e9rance, \u00e0 la faveur de laquelle la raison se haussait \u00e0 la compr\u00e9hension des causes finales.\u00a0<\/em>\u00bb Mais cet \u00e9tat morbide est d\u00e9sormais derri\u00e8re nous.<\/p>\n<p>Nous avons mieux aujourd\u2019hui pour affiner le diagnostic de notre d\u00e9mesure\u00a0: la fi\u00e8vre obsidionale (<em>obsidio<\/em>\u00a0: si\u00e8ge). De quoi s\u2019agit-il\u00a0? D\u2019une forme de psychose collective qui touchait les populations assi\u00e9g\u00e9es. Dans <em>Tristes tropiques<\/em>, l\u2019anthropologue Claude L\u00e9vi-Strauss, en pr\u00e9sente un cas, par lui-m\u00eame observ\u00e9 avec le regard \u00e9loign\u00e9 qui \u00e9tait le sien, lors de son arriv\u00e9e \u00e0 Fort-de-France alors qu\u2019il fuyait la France, frapp\u00e9 par les lois dites juives. C\u2019\u00e9tait en1941.<\/p>\n<p>\u00ab\u00a0<em>La plupart des Fran\u00e7ais<\/em>, raconte-t-il, <em>avaient v\u00e9cu une<\/em> \u00ab\u00a0dr\u00f4le de guerre\u00a0\u00bb\u00a0; <em>celle des officiers en garnison \u00e0 la Martinique ne rel\u00e8ve d\u2019aucun superlatif pour \u00eatre exactement qualifi\u00e9e. Leur unique mission qui \u00e9tait de garder l\u2019or de la Banque de France s\u2019\u00e9tait dissoute dans une sorte de cauchemar dont l\u2019abus de punch n\u2019\u00e9tait que partiellement responsable, un r\u00f4le plus insidieux, mais non moins essentiel, \u00e9tant d\u00e9volu \u00e0 la situation insulaire, l\u2019\u00e9loignement de la m\u00e9tropole et une tradition historique riche en souvenirs de pirates.\u00a0\u00bb<\/em><\/p>\n<p>A cette tradition s\u2019ajoutait la surveillance am\u00e9ricaine, la menace des sous-marins allemands. \u00ab\u00a0<em>C\u2019est ainsi, <\/em>poursuit-il,<em> que s\u2019\u00e9tait d\u00e9velopp\u00e9 une fi\u00e8vre obsidionale, qui, sans qu\u2019aucun engagement se f\u00fbt produit, et pour cause, et sans qu\u2019aucun ennemi ait jamais \u00e9t\u00e9 aper\u00e7u, n\u2019en avait pas moins engendr\u00e9 un sentiment d\u2019affolement.\u00a0\u00bb<\/em><\/p>\n<p>Sous quelle forme\u00a0pour la soldatesque de la malheureuse garnison ? <em>\u00ab\u00a0Leur esprit malade retrouvait une sorte de s\u00e9curit\u00e9 \u00e0 remplacer un ennemi r\u00e9el, mais si \u00e9loign\u00e9 qu\u2019il en \u00e9tait devenu invisible et comme abstrait \u2013 les Allemands- par un ennemi imaginaire mais qui avait l\u2019avantage d\u2019\u00eatre proche et palpable\u00a0: les Am\u00e9ricains.\u00a0\u00bb<\/em><\/p>\n<p>Nous aussi, les confin\u00e9s, sommes assi\u00e9g\u00e9s par un virus invisible qui \u00e9chappe \u00e0 notre ma\u00eetrise. La ressemblance de notre situation avec celle des militaires isol\u00e9s, menac\u00e9s, rendus inutiles et alcoolis\u00e9s reste fortuite, mais dans notre confusion g\u00e9n\u00e9rale, gardons-nous au moins de sombrer dans la fi\u00e8vre obsidionale et de nous inventer des ennemis imaginaires. Tentons plut\u00f4t de rester lucides et concentr\u00e9s.<\/p>\n<p>&nbsp;<\/p>\n<p>&nbsp;<\/p>\n<p><strong>Nietzsche\u00a0<\/strong>: \u00ab\u00a0<em>La valeur de tous les \u00e9tats morbides,<\/em> <em>est de montrer comme agrandis \u00e0 la loupe certains \u00e9tats qui en tant que normaux sont difficilement discernables en tant que tels\u2026\u00a0\u00bb<\/em><\/p>\n<p><strong>Camus<\/strong>\u00a0: \u00ab\u00a0<em>Au milieu des fl\u00e9aux, on apprend qu\u2019il y a dans les hommes plus de choses \u00e0 admirer que de choses \u00e0 m\u00e9priser.\u00a0\u00bb<\/em><\/p>\n<p><strong>Epict\u00e8te\u00a0<\/strong>: \u00ab\u00a0<em>La maladie est une contrari\u00e9t\u00e9 pour le corps mais non pour la volont\u00e9, si elle ne le veut pas<\/em><\/p>\n<p>&nbsp;<\/p>\n<p>&nbsp;<\/p>\n","protected":false},"excerpt":{"rendered":"<p>Triste topique\u2026 \u00a0 \u00ab\u00a0Osabandus, nequeys, nequer, protorinum, quipsa milus.\u00a0\u00bb Face au virus qui nous d\u00e9vaste et nous confine le langage des m\u00e9decins est devenu aussi incompr\u00e9hensible que celui de Sganarelle, quand il les imite, devant G\u00e9ronte, dans le M\u00e9decin Malgr\u00e9 lui. On savait que la m\u00e9decine n\u2019\u00e9tait pas une science exacte, on d\u00e9couvre que c\u2019est un ring de boxe o\u00f9 [&#8230;]<\/p>\n","protected":false},"author":1,"featured_media":0,"comment_status":"closed","ping_status":"closed","sticky":false,"template":"","format":"standard","meta":{"jetpack_post_was_ever_published":false,"jetpack_publicize_message":"","jetpack_is_tweetstorm":false,"jetpack_publicize_feature_enabled":true,"jetpack_social_post_already_shared":true,"jetpack_social_options":{"image_generator_settings":{"template":"highway","enabled":false}}},"categories":[8],"tags":[],"jetpack_publicize_connections":[],"jetpack_featured_media_url":"","jetpack_sharing_enabled":true,"jetpack_shortlink":"https:\/\/wp.me\/p5uUg2-dJ","_links":{"self":[{"href":"https:\/\/www.jeanlouiscianni.com\/index.php?rest_route=\/wp\/v2\/posts\/851"}],"collection":[{"href":"https:\/\/www.jeanlouiscianni.com\/index.php?rest_route=\/wp\/v2\/posts"}],"about":[{"href":"https:\/\/www.jeanlouiscianni.com\/index.php?rest_route=\/wp\/v2\/types\/post"}],"author":[{"embeddable":true,"href":"https:\/\/www.jeanlouiscianni.com\/index.php?rest_route=\/wp\/v2\/users\/1"}],"replies":[{"embeddable":true,"href":"https:\/\/www.jeanlouiscianni.com\/index.php?rest_route=%2Fwp%2Fv2%2Fcomments&post=851"}],"version-history":[{"count":2,"href":"https:\/\/www.jeanlouiscianni.com\/index.php?rest_route=\/wp\/v2\/posts\/851\/revisions"}],"predecessor-version":[{"id":914,"href":"https:\/\/www.jeanlouiscianni.com\/index.php?rest_route=\/wp\/v2\/posts\/851\/revisions\/914"}],"wp:attachment":[{"href":"https:\/\/www.jeanlouiscianni.com\/index.php?rest_route=%2Fwp%2Fv2%2Fmedia&parent=851"}],"wp:term":[{"taxonomy":"category","embeddable":true,"href":"https:\/\/www.jeanlouiscianni.com\/index.php?rest_route=%2Fwp%2Fv2%2Fcategories&post=851"},{"taxonomy":"post_tag","embeddable":true,"href":"https:\/\/www.jeanlouiscianni.com\/index.php?rest_route=%2Fwp%2Fv2%2Ftags&post=851"}],"curies":[{"name":"wp","href":"https:\/\/api.w.org\/{rel}","templated":true}]}}