{"id":849,"date":"2020-04-03T07:28:40","date_gmt":"2020-04-03T07:28:40","guid":{"rendered":"http:\/\/www.jeanlouiscianni.com\/?p=849"},"modified":"2020-04-11T16:34:53","modified_gmt":"2020-04-11T16:34:53","slug":"chronique-dun-deconfinement-jour-18vendredi-3-avril","status":"publish","type":"post","link":"https:\/\/www.jeanlouiscianni.com\/?p=849","title":{"rendered":"CHRONIQUE D&rsquo;UN DECONFINEMENT (Jour 18\/ vendredi 3 avril)"},"content":{"rendered":"<p><strong>M\u00e9ditation par les autres<\/strong><\/p>\n<p>Ce matin, mon esprit s\u2019en va vers les autres. Je pense \u00e0 tous ceux qui me permettent de rester tranquillement confin\u00e9. Tout un peuple invisible mais indispensable \u00e0 ma survie. Aux soignants qui prennent tous les risques et meurent parfois au bord du crat\u00e8re viral d\u00e9vastateur. A ma fille volontaire pour faire cours dans un \u00e9tablissement scolaire accueillant des enfants de soignants et de militaires. A Isabelle, fid\u00e8le au poste en mairie. A Nicole qui poursuit sa mission aupr\u00e8s d\u2019adolescents bless\u00e9s par la vie. A tous mes ami(e)s m\u00e9decins et fonctionnaires, hier encore si m\u00e9pris\u00e9s.<\/p>\n<p>La plupart du temps, on pense aux autres parce qu\u2019ils nous manquent. Ou parce qu\u2019ils nous hantent. Amour et affection, ou haine et envie. L\u00e0, c\u2019est diff\u00e9rent, mes pens\u00e9es m\u2019arrachent \u00e0 mon oisivet\u00e9 impuissante. D\u00e9solation d\u2019\u00eatre l\u00e0, d\u2019\u00eatre ce que je suis, de ne pouvoir actualiser mon possible d\u2019humain, de ne pas prendre ma part, aider, donner. Ma personne s\u2019efface. Dans le d\u00e9pit, le sentiment des limites, l\u2019angoisse, les miroirs dress\u00e9s du confinement ne me renvoient que l\u2019image des autres.<\/p>\n<p>Un pas de plus dans cette m\u00e9ditation et voici qu\u2019elle bascule dans une r\u00e9gion ancienne et secr\u00e8te du c\u0153ur, vers la trace ind\u00e9l\u00e9bile d\u2019une pr\u00e9sence nourrici\u00e8re et bienveillante. Lieu o\u00f9 r\u00e9sonne une voix lointaine, o\u00f9 le toucher vibre de r\u00e9miniscences ind\u00e9finissables. Espace disparu mais \u00e0 jamais de l\u2019exp\u00e9rience premi\u00e8re sensible qui, par une m\u00e8re, fait entrer dans le monde humain, le monde de l\u2019\u00eatre-reli\u00e9.<\/p>\n<p>Une m\u00e9ditation philosophique n\u2019a rien \u00e0 voir avec une m\u00e9ditation transcendantale, de pleine conscience, ni un exercice de d\u00e9veloppement personnel. Si elle ram\u00e8ne au moi ce n\u2019est pas pour le distraire, le dissoudre, le r\u00e9adapter. C\u2019est pour l\u2019\u00e9veiller \u00e0 son alt\u00e9rit\u00e9 et \u00e0 sa reliance.<\/p>\n<p>Alcibiade, d\u00e9vor\u00e9 d\u2019ambition personnelle, aspire \u00e0 gouverner Ath\u00e8nes. Son ami Socrate lui donne ce conseil devenu c\u00e9l\u00e8bre\u00a0: \u00ab\u00a0<em>Connais-toi toi-m\u00eame.<\/em>\u00a0\u00bb Il lui explique ensuite pourquoi. En se connaissant soi-m\u00eame, on prend soin de son \u00e2me et on peut mieux prendre soin des autres. Ensuite en prenant bien soin de la cit\u00e9, on am\u00e9liore sa propre citoyennet\u00e9. Enfin en se connaissant, l\u2019\u00e2me remonte \u00e0 la source de son \u00eatre, \u00e0 sa capacit\u00e9 de conna\u00eetre. Pour Platon elle s\u2019ouvre au monde des id\u00e9es auquel elle a particip\u00e9 avant de s\u2019incarner dans un corps.<\/p>\n<p>Ainsi l\u2019imp\u00e9ratif socratique ne se donne jamais le moi comme objectif. Le retour \u00e0 soi est un acte politique qui fait relie imm\u00e9diatement \u00e0 la cit\u00e9 et au r\u00f4le qu\u2019on doit y jouer. Mais dans cette conversion,\u00a0qui lui rappelle son \u00eatre socialement reli\u00e9, l\u2019\u00e2me touche \u00e0 sa propre origine.<\/p>\n<p>Je m\u2019approche du miroir. Mon image n\u2019est rien sans les autres. C\u2019est gr\u00e2ce \u00e0 eux que je peux me reconna\u00eetre ou pas.<\/p>\n<p>&nbsp;<\/p>\n<p><strong>Mustapha Dalheb\u00a0: <\/strong>\u00ab\u00a0<em>En silence nous nous retournons en nous-m\u00eames et nous comprenons la valeur des mots solidarit\u00e9 et vuln\u00e9rabilit\u00e9.<\/em>\u00a0\u00bb<\/p>\n<p>&nbsp;<\/p>\n<p><strong>Cioran\u00a0: <\/strong>\u00ab\u00a0<span style=\"color: #000000;\"><em><a style=\"color: #000000;\" href=\"https:\/\/dicocitations.lemonde.fr\/citation_auteur_ajout\/98681.php\">La seule fa\u00e7on de rejoindre autrui en profondeur est d&rsquo;aller vers ce qu&rsquo;il y a de plus profond en soi-m\u00eame. En d&rsquo;autres termes, de suivre le chemin inverse de celui que prennent les esprits dits \u00ab g\u00e9n\u00e9reux \u00bb.<\/a>\u00a0\u00bb<\/em><\/span><\/p>\n<p><em>\u00a0<\/em><\/p>\n<p><strong>Emmanuel Mounier\u00a0<\/strong>: \u00ab\u00a0<span style=\"color: #000000;\"><em><a style=\"color: #000000;\" href=\"https:\/\/dicocitations.lemonde.fr\/citation_auteur_ajout\/103902.php\">De m\u00eame que le philosophe qui s&rsquo;enferme d&rsquo;abord dans la pens\u00e9e ne trouvera jamais une porte vers l&rsquo;\u00eatre, de m\u00eame celui qui s&rsquo;enferme d&rsquo;abord dans le moi ne trouve jamais le chemin vers autrui.<\/a>\u00a0\u00bb<\/em><\/span><\/p>\n","protected":false},"excerpt":{"rendered":"<p>M\u00e9ditation par les autres Ce matin, mon esprit s\u2019en va vers les autres. Je pense \u00e0 tous ceux qui me permettent de rester tranquillement confin\u00e9. Tout un peuple invisible mais indispensable \u00e0 ma survie. Aux soignants qui prennent tous les risques et meurent parfois au bord du crat\u00e8re viral d\u00e9vastateur. A ma fille volontaire pour faire cours dans un \u00e9tablissement [&#8230;]<\/p>\n","protected":false},"author":1,"featured_media":0,"comment_status":"closed","ping_status":"closed","sticky":false,"template":"","format":"standard","meta":{"jetpack_post_was_ever_published":false,"jetpack_publicize_message":"","jetpack_is_tweetstorm":false,"jetpack_publicize_feature_enabled":true,"jetpack_social_post_already_shared":true,"jetpack_social_options":{"image_generator_settings":{"template":"highway","enabled":false}}},"categories":[8],"tags":[],"jetpack_publicize_connections":[],"jetpack_featured_media_url":"","jetpack_sharing_enabled":true,"jetpack_shortlink":"https:\/\/wp.me\/p5uUg2-dH","_links":{"self":[{"href":"https:\/\/www.jeanlouiscianni.com\/index.php?rest_route=\/wp\/v2\/posts\/849"}],"collection":[{"href":"https:\/\/www.jeanlouiscianni.com\/index.php?rest_route=\/wp\/v2\/posts"}],"about":[{"href":"https:\/\/www.jeanlouiscianni.com\/index.php?rest_route=\/wp\/v2\/types\/post"}],"author":[{"embeddable":true,"href":"https:\/\/www.jeanlouiscianni.com\/index.php?rest_route=\/wp\/v2\/users\/1"}],"replies":[{"embeddable":true,"href":"https:\/\/www.jeanlouiscianni.com\/index.php?rest_route=%2Fwp%2Fv2%2Fcomments&post=849"}],"version-history":[{"count":2,"href":"https:\/\/www.jeanlouiscianni.com\/index.php?rest_route=\/wp\/v2\/posts\/849\/revisions"}],"predecessor-version":[{"id":915,"href":"https:\/\/www.jeanlouiscianni.com\/index.php?rest_route=\/wp\/v2\/posts\/849\/revisions\/915"}],"wp:attachment":[{"href":"https:\/\/www.jeanlouiscianni.com\/index.php?rest_route=%2Fwp%2Fv2%2Fmedia&parent=849"}],"wp:term":[{"taxonomy":"category","embeddable":true,"href":"https:\/\/www.jeanlouiscianni.com\/index.php?rest_route=%2Fwp%2Fv2%2Fcategories&post=849"},{"taxonomy":"post_tag","embeddable":true,"href":"https:\/\/www.jeanlouiscianni.com\/index.php?rest_route=%2Fwp%2Fv2%2Ftags&post=849"}],"curies":[{"name":"wp","href":"https:\/\/api.w.org\/{rel}","templated":true}]}}