{"id":818,"date":"2020-03-22T07:44:49","date_gmt":"2020-03-22T07:44:49","guid":{"rendered":"http:\/\/www.jeanlouiscianni.com\/?p=818"},"modified":"2020-04-11T16:37:29","modified_gmt":"2020-04-11T16:37:29","slug":"chronique-dun-confinement-jour-6-22-mars","status":"publish","type":"post","link":"https:\/\/www.jeanlouiscianni.com\/?p=818","title":{"rendered":"CHRONIQUE D&rsquo;UN CONFINEMENT (JOUR 6\/ dimanche 22 mars)"},"content":{"rendered":"<p>&nbsp;<\/p>\n<p><strong>Cosa sara \u2026\u00a0?\u00a0<\/strong><\/p>\n<p>&nbsp;<\/p>\n<p>L\u2019Italie (60,5 millions d\u2019habitants) vient de d\u00e9passer la Chine (1,4 milliard d\u2019habitants) pour le nombre de d\u00e9c\u00e8s caus\u00e9s par le COVID-19. Triste record pour un pays voisin, fr\u00e8re d\u2019Europe et o\u00f9 beaucoup d\u2019entre nous \u2013 j\u2019en suis- comptent encore des parents.<\/p>\n<p>L\u2019Italie est confin\u00e9e. Plus de voyage possible de l\u2019autre cot\u00e9 des Alpes. De ces voyages qui nous apportent tant de richesses culturelles, gastronomiques ou tout simplement humaines. Le pays des \u00e9vasions \u00e0 port\u00e9e s\u2019est transform\u00e9 en terre d\u2019emmurement.<\/p>\n<p>Il faut attendre. Et se nourrir int\u00e9rieurement de ce voyage en Italie qui a jou\u00e9 et joue encore comme une matrice litt\u00e9raire, une source d\u2019inspiration et de cr\u00e9ation pour tant de po\u00e8tes et d\u2019\u00e9crivains, \u00e0 l\u2019image de Goethe ou de Stendhal, pour ne citer que les principaux. En voici quelques exemples dans le champ de la pens\u00e9e.<\/p>\n<p><strong>Hom\u00e8re<\/strong>\u00a0: C\u2019est l\u2019Italie du sud, avec ses \u00eeles et ses rivages qui sert de d\u00e9cor \u00e0 la plupart des chants de l\u2019Odyss\u00e9e. Au fil des temp\u00eates des \u00e9preuves, des rencontres de monstres impitoyables et d\u2019exp\u00e9riences extraordinaires, Ulysse s\u2019initie dans la douleur et la solitude \u00e0 la condition humaine.<\/p>\n<p><strong>Montaigne\u00a0<\/strong>: Il s\u2019est promen\u00e9 en Italie pour soigner sa gravelle, mais aussi les \u00ab\u00a0monstres\u00a0\u00bb de sa m\u00e9lancolie apr\u00e8s des ann\u00e9es de r\u00e9daction des Essais dans le confinement de sa librairie, Montaigne y s\u00e9journe un an et demi. L\u2019occasion pour lui de \u00ab\u00a0<em>limer sa cervelle contre celle d\u2019autrui\u00a0\u00bb<\/em>, pour s\u2019ouvrir \u00e0 la diversit\u00e9 humaine et \u00e0 l\u2019\u00e9tranget\u00e9 d\u2019\u00eatre soi.<\/p>\n<p><strong>Freud<\/strong>\u00a0: Le fondateur de la psychanalyse \u00e9tait fou amoureux de l\u2019Italie. Entre 1870 et 1923, il s\u2019y est rendu une vingtaine de fois. A Trieste, Orvieto, Venise, Florence, Naples, et, bien entendu, \u00e0 Rome qui occupe la place majeure dans cette s\u00e9rie. A chaque retour, ses th\u00e9ories s\u2019enrichissent et s\u2019\u00e9tendent nourries par ces escapades th\u00e9rapeutiques.<\/p>\n<p><strong>Sartre<\/strong>\u00a0: C\u2019est moins connu, et surprenant, pour un penseur qu\u2019on imagine plus facilement dans une cave enfum\u00e9e de Saint-Germain ou \u00e0 l\u2019entr\u00e9e d\u2019une usine, mais Sartre \u00e9tait un inconditionnel de Venise o\u00f9 il a \u00e9crit un texte magnifique qui va \u00e0 l\u2019encontre de tous ses romans et essais existentialistes. Une ville o\u00f9 il pouvait \u00eatre ce qu\u2019il n\u2019\u00e9tait pas\u2026<\/p>\n<p>La compagnie des penseurs doit donc beaucoup \u00e0 l\u2019Italie. Cette dette valait bien ma modeste chronique\u00a0 d\u00e9di\u00e9e \u00e0 mes cousins de Carrare. Nous reviendrons en Italie\u00a0! Ci vediamo presto\u00a0!<\/p>\n<p>&nbsp;<\/p>\n<p><em><strong>Stendhal<\/strong><\/em><em><strong>\u00a0<\/strong><\/em><em>:<\/em> <em><strong>\u00ab\u00a0<\/strong><\/em><em>Passion italienne : c&rsquo;est-\u00e0-dire la passion qui cherche \u00e0 se satisfaire, et non pas \u00e0 donner au voisin une id\u00e9e magnifique de notre individu\u00a0\u00bb<\/em>.<\/p>\n<p><strong>Freud<\/strong>\u00a0: \u00ab\u00a0<em>Notre c\u0153ur tend vers le Sud.\u00a0\u00bb<\/em><\/p>\n<p><strong>Lucio Dalla <\/strong>: \u00ab <em>Il se sentait seul comme un oiseau en vol qui s\u2019arr\u00eate et regarde en bas.\u00a0\u00bb<\/em><\/p>\n","protected":false},"excerpt":{"rendered":"<p>&nbsp; Cosa sara \u2026\u00a0?\u00a0 &nbsp; L\u2019Italie (60,5 millions d\u2019habitants) vient de d\u00e9passer la Chine (1,4 milliard d\u2019habitants) pour le nombre de d\u00e9c\u00e8s caus\u00e9s par le COVID-19. Triste record pour un pays voisin, fr\u00e8re d\u2019Europe et o\u00f9 beaucoup d\u2019entre nous \u2013 j\u2019en suis- comptent encore des parents. L\u2019Italie est confin\u00e9e. Plus de voyage possible de l\u2019autre cot\u00e9 des Alpes. De ces [&#8230;]<\/p>\n","protected":false},"author":1,"featured_media":0,"comment_status":"closed","ping_status":"closed","sticky":false,"template":"","format":"standard","meta":{"jetpack_post_was_ever_published":false,"jetpack_publicize_message":"","jetpack_is_tweetstorm":false,"jetpack_publicize_feature_enabled":true,"jetpack_social_post_already_shared":true,"jetpack_social_options":{"image_generator_settings":{"template":"highway","enabled":false}}},"categories":[1],"tags":[],"jetpack_publicize_connections":[],"jetpack_featured_media_url":"","jetpack_sharing_enabled":true,"jetpack_shortlink":"https:\/\/wp.me\/p5uUg2-dc","_links":{"self":[{"href":"https:\/\/www.jeanlouiscianni.com\/index.php?rest_route=\/wp\/v2\/posts\/818"}],"collection":[{"href":"https:\/\/www.jeanlouiscianni.com\/index.php?rest_route=\/wp\/v2\/posts"}],"about":[{"href":"https:\/\/www.jeanlouiscianni.com\/index.php?rest_route=\/wp\/v2\/types\/post"}],"author":[{"embeddable":true,"href":"https:\/\/www.jeanlouiscianni.com\/index.php?rest_route=\/wp\/v2\/users\/1"}],"replies":[{"embeddable":true,"href":"https:\/\/www.jeanlouiscianni.com\/index.php?rest_route=%2Fwp%2Fv2%2Fcomments&post=818"}],"version-history":[{"count":4,"href":"https:\/\/www.jeanlouiscianni.com\/index.php?rest_route=\/wp\/v2\/posts\/818\/revisions"}],"predecessor-version":[{"id":919,"href":"https:\/\/www.jeanlouiscianni.com\/index.php?rest_route=\/wp\/v2\/posts\/818\/revisions\/919"}],"wp:attachment":[{"href":"https:\/\/www.jeanlouiscianni.com\/index.php?rest_route=%2Fwp%2Fv2%2Fmedia&parent=818"}],"wp:term":[{"taxonomy":"category","embeddable":true,"href":"https:\/\/www.jeanlouiscianni.com\/index.php?rest_route=%2Fwp%2Fv2%2Fcategories&post=818"},{"taxonomy":"post_tag","embeddable":true,"href":"https:\/\/www.jeanlouiscianni.com\/index.php?rest_route=%2Fwp%2Fv2%2Ftags&post=818"}],"curies":[{"name":"wp","href":"https:\/\/api.w.org\/{rel}","templated":true}]}}