{"id":796,"date":"2020-03-17T18:13:06","date_gmt":"2020-03-17T18:13:06","guid":{"rendered":"http:\/\/www.jeanlouiscianni.com\/?p=796"},"modified":"2020-04-11T16:36:55","modified_gmt":"2020-04-11T16:36:55","slug":"chronique-dun-confinement","status":"publish","type":"post","link":"https:\/\/www.jeanlouiscianni.com\/?p=796","title":{"rendered":"CHRONIQUE D&rsquo;UN CONFINEMENT (Jour 1\/ mardi 17 mars)"},"content":{"rendered":"<p><strong>Et si on philosophait?\u00a0<\/strong><\/p>\n<p>Que faire? Apr\u00e8s le v\u00e9lo elliptique, les sessions vid\u00e9o entre amis, le tri des images et le classement des vieux relev\u00e9s bancaires? Il reste encore des montagnes et des oc\u00e9ans de temps&#8230;Et ce n&rsquo;est que le d\u00e9but. Pourquoi dans ces conditions extr\u00eames de confinement, ne pas d\u00e9couvrir ou revenir \u00e0 la philo?<\/p>\n<p>Elle semble tout indiqu\u00e9e. Le mot de confinement \u00e9voque le retrait et l&rsquo;enfermement. Or la d\u00e9tention est depuis longtemps famili\u00e8re aux philosophes. Condamn\u00e9 \u00e0 mort par ses juges ath\u00e9niens, l&rsquo;initiateur de la philosophie, Socrate, finit ses jours en prison. Epict\u00e8te, haute figure du sto\u00efcisme a v\u00e9cu une partie de sa vie en esclavage. Bo\u00e8ce, \u00e9rudit et haut magistrat m\u00e9di\u00e9val, a r\u00e9dig\u00e9 dans sa cellule une bouleversante <em>Consolation de Philosophie<\/em> avant d&rsquo;\u00eatre supplici\u00e9. Pour avoir soutenu avant tout le monde que l&rsquo;univers \u00e9tait infini, Giordano Bruno a pass\u00e9 des ann\u00e9es dans les ge\u00f4les du Vatican avant de p\u00e9rir sur un b\u00fbcher.<\/p>\n<p>Tous ces penseurs en captivit\u00e9 ont cherch\u00e9 \u00e0 d\u00e9passer leur malheur en lui donnant un sens. L&rsquo;esp\u00e9rance d&rsquo;une vie apr\u00e8s la mort pour Socrate. L&rsquo;exercice d&rsquo;une libert\u00e9 int\u00e9rieure pour Epict\u00e8te. L&rsquo;acceptation de l&rsquo;injustice pour Bo\u00e8ce. Le refus et la r\u00e9sistance pour Bruno. C&rsquo;est la t\u00e2che quotidienne qui nous attend d\u00e9sormais : faire face au confinement avec d\u00e9termination et confiance.<\/p>\n<p>Mais le mot de confinement est \u00e9galement proche de confins. Et la philosophie est aussi une pratique d&rsquo;\u00e9vasion qui nous entra\u00eene loin de notre condition imm\u00e9diate sans rien en renier. Aujourd&rsquo;hui, une mutinerie s&rsquo;est d\u00e9clench\u00e9e \u00e0 la prison de Grasse apr\u00e8s la suspension des parloirs. On trouve toujours plus confin\u00e9 que soi. Pire encore, certains confin\u00e9s, plus vuln\u00e9rables, ne r\u00e9sisteront pas au virus.<\/p>\n<p>L&rsquo;occasion nous est donc donn\u00e9e de r\u00e9fl\u00e9chir \u00e0 ces limites auxquelles le confinement nous confronte. Limites d&rsquo;une id\u00e9ologie \u00e9conomiste sourde et aveugle; limites d&rsquo;une technoscience qui se croit omnipotente; limites de nos petites vies individualistes. Y r\u00e9fl\u00e9chir pour les faire bouger demain et y percer des points de passage? C&rsquo;est d\u00e9j\u00e0 un sens \u00e0 donner \u00e0 notre confinement.<\/p>\n<p>Pour nous y aider :<\/p>\n<p><strong>Socrate<\/strong> :<em>\u00ab\u00a0Ce que je sais, c&rsquo;est que je ne sais rien.\u00a0\u00bb<\/em><\/p>\n<p><strong>Epict\u00e8te<\/strong> : <em>\u00ab\u00a0Le commencement de la philosophie, c&rsquo;est d&rsquo;avoir conscience de sa faiblesse et de son impuissance pour ce qui concerne les choses n\u00e9cessaires.\u00a0\u00bb<\/em><\/p>\n<p><strong>Bo\u00e8ce<\/strong> : <em>\u00a0\u00bb Celui qui tombe, c&rsquo;est que son pas est mal assur\u00e9.\u00a0\u00bb<\/em><\/p>\n<p><strong>Bruno<\/strong> :\u00a0\u00bb <em>La nature est le terme de toutes les philosophies et de toutes les contemplations.\u00a0\u00bb<\/em><\/p>\n<p>&nbsp;<\/p>\n<p>&nbsp;<\/p>\n<p>&nbsp;<\/p>\n<p>&nbsp;<\/p>\n","protected":false},"excerpt":{"rendered":"<p>Et si on philosophait?\u00a0 Que faire? Apr\u00e8s le v\u00e9lo elliptique, les sessions vid\u00e9o entre amis, le tri des images et le classement des vieux relev\u00e9s bancaires? Il reste encore des montagnes et des oc\u00e9ans de temps&#8230;Et ce n&rsquo;est que le d\u00e9but. Pourquoi dans ces conditions extr\u00eames de confinement, ne pas d\u00e9couvrir ou revenir \u00e0 la philo? Elle semble tout indiqu\u00e9e. [&#8230;]<\/p>\n","protected":false},"author":1,"featured_media":0,"comment_status":"closed","ping_status":"closed","sticky":false,"template":"","format":"standard","meta":{"jetpack_post_was_ever_published":false,"jetpack_publicize_message":"","jetpack_is_tweetstorm":false,"jetpack_publicize_feature_enabled":true,"jetpack_social_post_already_shared":true,"jetpack_social_options":{"image_generator_settings":{"template":"highway","enabled":false}}},"categories":[8],"tags":[],"jetpack_publicize_connections":[],"jetpack_featured_media_url":"","jetpack_sharing_enabled":true,"jetpack_shortlink":"https:\/\/wp.me\/p5uUg2-cQ","_links":{"self":[{"href":"https:\/\/www.jeanlouiscianni.com\/index.php?rest_route=\/wp\/v2\/posts\/796"}],"collection":[{"href":"https:\/\/www.jeanlouiscianni.com\/index.php?rest_route=\/wp\/v2\/posts"}],"about":[{"href":"https:\/\/www.jeanlouiscianni.com\/index.php?rest_route=\/wp\/v2\/types\/post"}],"author":[{"embeddable":true,"href":"https:\/\/www.jeanlouiscianni.com\/index.php?rest_route=\/wp\/v2\/users\/1"}],"replies":[{"embeddable":true,"href":"https:\/\/www.jeanlouiscianni.com\/index.php?rest_route=%2Fwp%2Fv2%2Fcomments&post=796"}],"version-history":[{"count":4,"href":"https:\/\/www.jeanlouiscianni.com\/index.php?rest_route=\/wp\/v2\/posts\/796\/revisions"}],"predecessor-version":[{"id":918,"href":"https:\/\/www.jeanlouiscianni.com\/index.php?rest_route=\/wp\/v2\/posts\/796\/revisions\/918"}],"wp:attachment":[{"href":"https:\/\/www.jeanlouiscianni.com\/index.php?rest_route=%2Fwp%2Fv2%2Fmedia&parent=796"}],"wp:term":[{"taxonomy":"category","embeddable":true,"href":"https:\/\/www.jeanlouiscianni.com\/index.php?rest_route=%2Fwp%2Fv2%2Fcategories&post=796"},{"taxonomy":"post_tag","embeddable":true,"href":"https:\/\/www.jeanlouiscianni.com\/index.php?rest_route=%2Fwp%2Fv2%2Ftags&post=796"}],"curies":[{"name":"wp","href":"https:\/\/api.w.org\/{rel}","templated":true}]}}