{"id":1113,"date":"2021-02-20T16:49:59","date_gmt":"2021-02-20T16:49:59","guid":{"rendered":"http:\/\/www.jeanlouiscianni.com\/?p=1113"},"modified":"2021-02-20T16:50:40","modified_gmt":"2021-02-20T16:50:40","slug":"partir-avec-ulysse","status":"publish","type":"post","link":"https:\/\/www.jeanlouiscianni.com\/?p=1113","title":{"rendered":"Partir avec Ulysse"},"content":{"rendered":"\n<p>Les voyages sont repouss\u00e9s? Nous pouvons encore embarquer au plus vite avec Ulysse. Pour trouver dans son odyss\u00e9e une \u00e9vasion dans l&rsquo;imaginaire et les r\u00e9gions originelles de la culture europ\u00e9enne. Pour affronter aussi les \u00e9preuves actuelles, et dans les pas du h\u00e9ros d&rsquo;Hom\u00e8re, nous pr\u00e9parer \u00e0 devenir plus forts et plus lucides. C&rsquo;est l&rsquo;objectif de mon dernier livre Ulysse et nous (Editions Le Reli\u00e9)<\/p>\n","protected":false},"excerpt":{"rendered":"<p>Les voyages sont repouss\u00e9s? Nous pouvons encore embarquer au plus vite avec Ulysse. Pour trouver dans son odyss\u00e9e une \u00e9vasion dans l&rsquo;imaginaire et les r\u00e9gions originelles de la culture europ\u00e9enne. Pour affronter aussi les \u00e9preuves actuelles, et dans les pas du h\u00e9ros d&rsquo;Hom\u00e8re, nous pr\u00e9parer \u00e0 devenir plus forts et plus lucides. C&rsquo;est l&rsquo;objectif de mon dernier livre Ulysse et [&#8230;]<\/p>\n","protected":false},"author":1,"featured_media":1115,"comment_status":"closed","ping_status":"closed","sticky":false,"template":"","format":"standard","meta":{"jetpack_post_was_ever_published":false,"jetpack_publicize_message":"","jetpack_is_tweetstorm":false,"jetpack_publicize_feature_enabled":true,"jetpack_social_post_already_shared":true,"jetpack_social_options":{"image_generator_settings":{"template":"highway","enabled":false}}},"categories":[1],"tags":[5],"jetpack_publicize_connections":[],"jetpack_featured_media_url":"https:\/\/www.jeanlouiscianni.com\/wp-content\/uploads\/image_1575958_20210122_ob_aaf118_ulysse-et-nous-de-l-errance-a-la-luc.png","jetpack_sharing_enabled":true,"jetpack_shortlink":"https:\/\/wp.me\/p5uUg2-hX","_links":{"self":[{"href":"https:\/\/www.jeanlouiscianni.com\/index.php?rest_route=\/wp\/v2\/posts\/1113"}],"collection":[{"href":"https:\/\/www.jeanlouiscianni.com\/index.php?rest_route=\/wp\/v2\/posts"}],"about":[{"href":"https:\/\/www.jeanlouiscianni.com\/index.php?rest_route=\/wp\/v2\/types\/post"}],"author":[{"embeddable":true,"href":"https:\/\/www.jeanlouiscianni.com\/index.php?rest_route=\/wp\/v2\/users\/1"}],"replies":[{"embeddable":true,"href":"https:\/\/www.jeanlouiscianni.com\/index.php?rest_route=%2Fwp%2Fv2%2Fcomments&post=1113"}],"version-history":[{"count":1,"href":"https:\/\/www.jeanlouiscianni.com\/index.php?rest_route=\/wp\/v2\/posts\/1113\/revisions"}],"predecessor-version":[{"id":1114,"href":"https:\/\/www.jeanlouiscianni.com\/index.php?rest_route=\/wp\/v2\/posts\/1113\/revisions\/1114"}],"wp:featuredmedia":[{"embeddable":true,"href":"https:\/\/www.jeanlouiscianni.com\/index.php?rest_route=\/wp\/v2\/media\/1115"}],"wp:attachment":[{"href":"https:\/\/www.jeanlouiscianni.com\/index.php?rest_route=%2Fwp%2Fv2%2Fmedia&parent=1113"}],"wp:term":[{"taxonomy":"category","embeddable":true,"href":"https:\/\/www.jeanlouiscianni.com\/index.php?rest_route=%2Fwp%2Fv2%2Fcategories&post=1113"},{"taxonomy":"post_tag","embeddable":true,"href":"https:\/\/www.jeanlouiscianni.com\/index.php?rest_route=%2Fwp%2Fv2%2Ftags&post=1113"}],"curies":[{"name":"wp","href":"https:\/\/api.w.org\/{rel}","templated":true}]}}