{"id":1028,"date":"2020-05-08T08:03:31","date_gmt":"2020-05-08T08:03:31","guid":{"rendered":"http:\/\/www.jeanlouiscianni.com\/?p=1028"},"modified":"2022-05-16T20:09:35","modified_gmt":"2022-05-16T20:09:35","slug":"chronique-dun-deconfinement-jour-53-vendredi-8-mai","status":"publish","type":"post","link":"https:\/\/www.jeanlouiscianni.com\/?p=1028","title":{"rendered":"CHRONIQUE D&rsquo;UN DECONFINEMENT (Jour 53\/ vendredi 8 mai)"},"content":{"rendered":"<p><strong>C\u2019est fini<\/strong><\/p>\n<p>\u00ab <em>L\u2019impatience d\u2019en finir n\u2019est pas philosophique<\/em> \u00bb, estimait Paul Val\u00e9ry. Mais tout a une fin et il faut l\u2019accepter. Commenc\u00e9e d\u00e8s le premier jour du confinement, Cette chronique arrive ainsi \u00e0 son terme apr\u00e8s plus de cinquante articles.<br \/>\nElle se donnait pour objectif de traverser une \u00e9preuve individuelle et collective absolument in\u00e9dite en puisant dans les ressources de la philosophie. Une philosophie soumise au feu de l\u2019actualit\u00e9, qui accepterait le rythme et les risques de l\u2019\u00e9v\u00e9nement sans renoncer \u00e0 lui donner du sens. Un service de pens\u00e9e d\u2019urgence, men\u00e9 avec les moyens du bord, \u00e0 l\u2019instant T. .  Chronique exprimait une volont\u00e9 de plonger dans le temps pr\u00e9sent, dans ses vagues et ses brouillards quotidiens.<\/p>\n<p>Certains ont d\u00fb s\u2019en rendre compte : l\u2019exercice a chang\u00e9 de nom apr\u00e8s quelques jours abandonnant le terme initial de confinement pour celui de d\u00e9confinement. Il fallait sortir avant l\u2019heure, prendre la situation par toutes les portes et les fen\u00eatres, s\u2019en d\u00e9gager, la d\u00e9construire comme on dit en philo. Analyse critique et th\u00e9rapie de soi, c\u2019est ma conception de la philosophie. Un pied dans le monde, un autre hors du monde. Lucidit\u00e9 et mieux \u00eatre. Un tragique sans pathos, ou seulement l\u2019inverse\u2026<\/p>\n<p>J\u2019ignore si je suis parvenu \u00e0 r\u00e9aliser ce projet qui \u00e9tait d\u2019ailleurs moins explicite au d\u00e9part. Ce n\u2019est pas \u00e0 moi d\u2019en juger. Et c\u2019est d\u2019ailleurs secondaire. Car tr\u00e8s vite sur le chemin hasardeux du confinement et sous la menace du virus, une \u00e9vidence s\u2019est impos\u00e9e : votre pr\u00e9sence nombreuse et porteuse, votre compagnie attentive et impliqu\u00e9e. Le confinement devenait synonyme de r\u00e9union et de liaison. De recherche crois\u00e9es et de rep\u00e9rages r\u00e9ciproques. La dynamique de l\u2019\u00e9vasion d\u00e9passait largement la surface de mon clavier.<\/p>\n<p>Alors, merci \u00e0 tous pour votre accompagnement, vos corrections, vos suggestions, vos lectures, vos citations, vos encouragements, vos signes de reconnaissance, vos critiques, votre relais, votre participation. Merci pour votre escorte musicale, graphique, intellectuelle, affective, th\u00e9orique, humoristique, politique, familiale, amicale. Merci pour ces apart\u00e9s en duo, trio, quatuor. Pour cette complicit\u00e9 prot\u00e9iforme et cette fraternit\u00e9 aux cent visages.<\/p>\n<p>Demain, si le confinement redevenait n\u00e9cessaire, ce que personne ne souhaite, la chronique peut-\u00eatre reprendrait. Dans ce cas, bien entendu, vous en seriez avertis. Mais nous n\u2019en sommes pas l\u00e0. Nous sommes au bout d\u2019un tunnel et il nous faut sortir du bon c\u00f4t\u00e9.<\/p>\n<p>Le retour aux r\u00e9alit\u00e9s du d\u00e9confinement sera sans aucun doute brutal. Une nouvelle \u00e9preuve nous attend. De ces journ\u00e9es \u00e9tranges mais propices \u00e0 la r\u00e9flexion, retiendrons-nous quelque chose une fois retrouv\u00e9e la cl\u00e9 des champs ? La vie reprendra-t-elle comme avant ? Changera-t-elle du tout au tout ? Serons-nous plus ou moins libres ? Le questionnement ne s\u2019arr\u00eate pas et c\u2019est lui qui \u00e9clairera la route.<\/p>\n<p>La situation reste complexe et compliqu\u00e9e. C\u2019est pourquoi il faut se garder plus que jamais des analyses simplistes et des discours simplificateurs. Eviter de c\u00e9der aux faux rem\u00e8des des certitudes exp\u00e9ditives, aux empl\u00e2tres cyniques pos\u00e9s sur nos inqui\u00e9tudes et nos interrogations l\u00e9gitimes. Notre d\u00e9sordre est r\u00e9el, notre incr\u00e9dulit\u00e9 a des raisons objectives, mais ne laissons personne en profiter.<\/p>\n<p>Profitons donc au mieux de notre bon de sortie. Car nous sommes vivants et par ces temps viraux, c\u2019est d\u00e9j\u00e0 beaucoup. Nous avons \u00e0 vivre.  A vivre en libert\u00e9 et en humanit\u00e9, avec nos valeurs et nos id\u00e9aux, au sein de r\u00e9seaux denses, si souvent invisibles, d\u2019amiti\u00e9 et de solidarit\u00e9. Nous savons mieux aujourd&rsquo;hui ce que veut dire le mot si banal et si \u00e9nigmatique de vivre. Et peut-\u00eatre aussi celui, plus \u00e9trange encore, de philosopher. Bonne route, sans crainte ni faux espoirs, les yeux ouverts et la t\u00eate froide.<\/p>\n<p><strong>Merleau-Ponty<\/strong> : <em>\u00ab L\u2019absolu philosophique ne si\u00e8ge nulle part, il n\u2019est donc jamais ailleurs, il est \u00e0 d\u00e9fendre en chaque \u00e9v\u00e9nement. \u00bb <\/em><br \/>\n<strong>Italo Calvino<\/strong> : \u00ab <em>Chercher et savoir reconna\u00eetre qui et quoi, au milieu de l\u2019enfer des vivants, n\u2019est pas l\u2019enfer, et le faire durer, et lui faire de la place. \u00bb<\/em><br \/>\n<strong>Michel Berger <\/strong>: \u00ab<em> Je t\u2019envoie mes victoires sur l\u2019ironie du sort\u2026 \u00bb<br \/>\n<\/em><\/p>\n<p><strong>Le finale avec deux sonates de Scarlatti interpr\u00e9t\u00e9es par l&rsquo;ami Jean-Paul Catanzano<br \/>\n<\/strong><br \/>\n<a href=\"http:\/\/www.jeanlouiscianni.com\/wp-content\/uploads\/Scarlatti-K9.mp4\">Scarlatti K9<\/a><br \/>\n<a href=\"http:\/\/www.jeanlouiscianni.com\/wp-content\/uploads\/Scarlatti-K32.mp4\">Scarlatti K32<\/a><\/p>\n","protected":false},"excerpt":{"rendered":"<p>C\u2019est fini \u00ab L\u2019impatience d\u2019en finir n\u2019est pas philosophique \u00bb, estimait Paul Val\u00e9ry. Mais tout a une fin et il faut l\u2019accepter. Commenc\u00e9e d\u00e8s le premier jour du confinement, Cette chronique arrive ainsi \u00e0 son terme apr\u00e8s plus de cinquante articles. Elle se donnait pour objectif de traverser une \u00e9preuve individuelle et collective absolument in\u00e9dite en puisant dans les ressources [&#8230;]<\/p>\n","protected":false},"author":1,"featured_media":0,"comment_status":"closed","ping_status":"closed","sticky":false,"template":"","format":"standard","meta":{"jetpack_post_was_ever_published":false,"jetpack_publicize_message":"","jetpack_is_tweetstorm":false,"jetpack_publicize_feature_enabled":true,"jetpack_social_post_already_shared":true,"jetpack_social_options":{"image_generator_settings":{"template":"highway","enabled":false}}},"categories":[8],"tags":[],"jetpack_publicize_connections":[],"jetpack_featured_media_url":"","jetpack_sharing_enabled":true,"jetpack_shortlink":"https:\/\/wp.me\/p5uUg2-gA","_links":{"self":[{"href":"https:\/\/www.jeanlouiscianni.com\/index.php?rest_route=\/wp\/v2\/posts\/1028"}],"collection":[{"href":"https:\/\/www.jeanlouiscianni.com\/index.php?rest_route=\/wp\/v2\/posts"}],"about":[{"href":"https:\/\/www.jeanlouiscianni.com\/index.php?rest_route=\/wp\/v2\/types\/post"}],"author":[{"embeddable":true,"href":"https:\/\/www.jeanlouiscianni.com\/index.php?rest_route=\/wp\/v2\/users\/1"}],"replies":[{"embeddable":true,"href":"https:\/\/www.jeanlouiscianni.com\/index.php?rest_route=%2Fwp%2Fv2%2Fcomments&post=1028"}],"version-history":[{"count":4,"href":"https:\/\/www.jeanlouiscianni.com\/index.php?rest_route=\/wp\/v2\/posts\/1028\/revisions"}],"predecessor-version":[{"id":1221,"href":"https:\/\/www.jeanlouiscianni.com\/index.php?rest_route=\/wp\/v2\/posts\/1028\/revisions\/1221"}],"wp:attachment":[{"href":"https:\/\/www.jeanlouiscianni.com\/index.php?rest_route=%2Fwp%2Fv2%2Fmedia&parent=1028"}],"wp:term":[{"taxonomy":"category","embeddable":true,"href":"https:\/\/www.jeanlouiscianni.com\/index.php?rest_route=%2Fwp%2Fv2%2Fcategories&post=1028"},{"taxonomy":"post_tag","embeddable":true,"href":"https:\/\/www.jeanlouiscianni.com\/index.php?rest_route=%2Fwp%2Fv2%2Ftags&post=1028"}],"curies":[{"name":"wp","href":"https:\/\/api.w.org\/{rel}","templated":true}]}}